{"id":9689,"date":"2021-02-22T18:47:42","date_gmt":"2021-02-22T17:47:42","guid":{"rendered":"https:\/\/www.prognessa.com\/fallstudie-balvalfest\/"},"modified":"2026-02-26T09:55:53","modified_gmt":"2026-02-26T08:55:53","slug":"fallstudie-balvalfest","status":"publish","type":"post","link":"https:\/\/www.prognessa.com\/de\/fallstudie-balvalfest\/","title":{"rendered":"Fallstudie: Balvalfest"},"content":{"rendered":"\n<figure class=\"wp-block-embed is-type-video is-provider-youtube wp-block-embed-youtube wp-embed-aspect-16-9 wp-has-aspect-ratio\"><div class=\"wp-block-embed__wrapper\">\n<iframe title=\"Case study: Balvalfest\" width=\"800\" height=\"450\" src=\"https:\/\/www.youtube.com\/embed\/dnGayNdUJMM?feature=oembed\" frameborder=\"0\" allow=\"accelerometer; autoplay; clipboard-write; encrypted-media; gyroscope; picture-in-picture; web-share\" referrerpolicy=\"strict-origin-when-cross-origin\" allowfullscreen><\/iframe>\n<\/div><\/figure>\n\n<p>Der Veranstalter des Balvalfestes ist die kulturell-bildende B\u00fcrgervereinigung La\u010dho Drom. Er wird von dem bekannten S\u00e4nger und Musiker Vladim\u00edr Sendrei geleitet, der jedes Jahr die Qualit\u00e4t der Veranstaltung mit einem Line-up voller talentierter Roma-K\u00fcnstler und einer tollen Atmosph\u00e4re best\u00e4tigt. Schauen Sie sich an, wie wir eines der gr\u00f6\u00dften Zigeunerfestivals in der Slowakei zwei Jahre hintereinander vermarktet haben.  <\/p>\n\n<p>Um sicherzustellen, dass das wahre Bashavel nicht nur im Amphitheater, sondern auch in den sozialen Medien und auf den Stra\u00dfen stattfindet, wandte sich der Kunde an uns mit der Bitte um eine umfassende visuelle Identit\u00e4t, Facebook-Management, Foto- und Videodokumentation, Radiowerbung und Live-Streams.<\/p>\n\n<p>Wir begannen damit, ein attraktives Erscheinungsbild zu entwerfen, das unser Zielpublikum davon \u00fcberzeugt, dass das Balvalfest eine Garantie f\u00fcr endlosen Spa\u00df und gute Musik ist. Wir erstellten zun\u00e4chst ein Plakat in drei verschiedenen Designs und Farben. Das orangefarbene Plakat hat den Kunden schlie\u00dflich \u00fcberzeugt.  <\/p>\n\n<figure class=\"wp-block-gallery has-nested-images columns-default is-cropped wp-block-gallery-1 is-layout-flex wp-block-gallery-is-layout-flex\">\n<figure class=\"wp-block-image size-large\"><img decoding=\"async\" data-id=\"1675\" src=\"https:\/\/www.prognessa.com\/wp-content\/uploads\/2021\/02\/Balvalfest2019_plagatA2_v01-01-724x1024.jpg\" alt=\"\" class=\"wp-image-1675\"\/><\/figure>\n\n\n\n<figure class=\"wp-block-image size-large\"><img decoding=\"async\" data-id=\"1674\" src=\"https:\/\/www.prognessa.com\/wp-content\/uploads\/2021\/02\/Balvalfest2019_plagat_zmeneny-01-726x1024.jpg\" alt=\"\" class=\"wp-image-1674\"\/><\/figure>\n\n\n\n<figure class=\"wp-block-image size-large\"><img decoding=\"async\" data-id=\"1676\" src=\"https:\/\/www.prognessa.com\/wp-content\/uploads\/2021\/02\/Balvalfest2019_plagatA2_v02-01-724x1024.jpg\" alt=\"\" class=\"wp-image-1676\"\/><\/figure>\n<\/figure>\n\n<p>Mit dem frisch genehmigten Bildmaterial erstellten wir Facebook-Posts, eine Videoeinladung und einen Radiospot, in dem Sandok\u00e1n Lakato\u0161 &#8211; der Hauptstar der Kampagne &#8211; die Zuschauer oder H\u00f6rer zu einer richtigen Tanzparty in Kokava nad Rimavicou lockt.<\/p>\n\n<figure class=\"wp-block-gallery has-nested-images columns-default is-cropped wp-block-gallery-2 is-layout-flex wp-block-gallery-is-layout-flex\">\n<figure class=\"wp-block-image size-large\"><img decoding=\"async\" data-id=\"1677\" src=\"https:\/\/www.prognessa.com\/wp-content\/uploads\/2021\/02\/post19_1-891x1024.jpg\" alt=\"\" class=\"wp-image-1677\"\/><\/figure>\n\n\n\n<figure class=\"wp-block-image size-large\"><img decoding=\"async\" data-id=\"1678\" src=\"https:\/\/www.prognessa.com\/wp-content\/uploads\/2021\/02\/post19_2-880x1024.jpg\" alt=\"\" class=\"wp-image-1678\"\/><\/figure>\n<\/figure>\n\n<figure class=\"wp-block-embed is-type-video is-provider-youtube wp-block-embed-youtube wp-embed-aspect-4-3 wp-has-aspect-ratio\"><div class=\"wp-block-embed__wrapper\">\n<iframe title=\"Balvalfest 2019 - promo video\" width=\"800\" height=\"600\" src=\"https:\/\/www.youtube.com\/embed\/42dNSpuuaYo?feature=oembed\" frameborder=\"0\" allow=\"accelerometer; autoplay; clipboard-write; encrypted-media; gyroscope; picture-in-picture; web-share\" referrerpolicy=\"strict-origin-when-cross-origin\" allowfullscreen><\/iframe>\n<\/div><\/figure>\n\n<p>Das Wetter war fantastisch und die Atmosph\u00e4re war unbeschreiblich. Diejenigen, die nicht direkt unter der B\u00fchne standen, konnten es \u00fcber die Live-Streams genie\u00dfen, die auf Facebook eine Reichweite von fast <g id=\"gid_0\">90 Tausend Menschen<\/g> hatten. Nachdem wir uns von dem ausgelassenen Wochenende ern\u00fcchtert hatten, beendeten wir die Kampagne mit einer kurzen Zusammenfassung und Analyse der Ergebnisse.  <\/p>\n\n<figure class=\"wp-block-embed is-type-video is-provider-youtube wp-block-embed-youtube wp-embed-aspect-16-9 wp-has-aspect-ratio\"><div class=\"wp-block-embed__wrapper\">\n<iframe title=\"Balvalfest 2019 - Aftermovie\" width=\"800\" height=\"450\" src=\"https:\/\/www.youtube.com\/embed\/F383x6dQQIk?feature=oembed\" frameborder=\"0\" allow=\"accelerometer; autoplay; clipboard-write; encrypted-media; gyroscope; picture-in-picture; web-share\" referrerpolicy=\"strict-origin-when-cross-origin\" allowfullscreen><\/iframe>\n<\/div><\/figure>\n\n<p>Die Anzahl der Anzeigenaufrufe in den anderthalb Monaten der Kampagne erreichte <strong>175 Tausend.<\/strong> Werbematerialien wie die Videoeinladung, das Aftermovie, das Poster und die Posts selbst wurden von etwas mehr als <strong>86 Tausend Facebook-Nutzern<\/strong> gesehen <strong>.<\/strong><\/p>\n\n<p>Die gute Beteiligung und die positiven Zahlen f\u00fchrten dazu, dass wir den Rhythmus der Zusammenarbeit mit dem Kunden beibehielten und im folgenden Jahr mit der Promotion der 20. <\/p>\n\n<p>Sie war in gewisser Weise von einer weltweiten Pandemie gepr\u00e4gt. Die positive Situation im Sommer f\u00fchrte jedoch dazu, dass das Festival schlie\u00dflich mit einer reduzierten Kapazit\u00e4t und unter bestimmten Bedingungen stattfinden konnte. <\/p>\n\n<figure class=\"wp-block-image size-large\"><img decoding=\"async\" src=\"https:\/\/www.prognessa.com\/wp-content\/uploads\/2020\/11\/print_balv1.jpg\" alt=\"BalvalFest 2020 - Plakat\" class=\"wp-image-1059\"\/><\/figure>\n\n<p>Wie im letzten Jahr haben wir auch diesmal die sozialen Medien mit einem leicht ver\u00e4nderten Bildmaterial zum Tanzen gebracht. Neben der \u00fcblichen Vorstellung der K\u00fcnstler informierten wir auch dar\u00fcber, wie man ein Ticket f\u00fcr das Festival selbst erwerben kann. <\/p>\n\n<div class=\"wp-block-group is-layout-flow wp-block-group-is-layout-flow\">\n<figure class=\"wp-block-gallery aligncenter has-nested-images columns-3 wp-block-gallery-3 is-layout-flex wp-block-gallery-is-layout-flex\">\n<figure class=\"wp-block-image size-full\"><img decoding=\"async\" data-id=\"1682\" src=\"https:\/\/www.prognessa.com\/wp-content\/uploads\/2021\/02\/post20_1.jpg\" alt=\"\" class=\"wp-image-1682\"\/><\/figure>\n\n\n\n<figure class=\"wp-block-image size-full\"><img decoding=\"async\" data-id=\"1683\" src=\"https:\/\/www.prognessa.com\/wp-content\/uploads\/2021\/02\/post20_2.jpg\" alt=\"\" class=\"wp-image-1683\"\/><\/figure>\n\n\n\n<figure class=\"wp-block-image size-full\"><img decoding=\"async\" data-id=\"1684\" src=\"https:\/\/www.prognessa.com\/wp-content\/uploads\/2021\/02\/post20_3.jpg\" alt=\"\" class=\"wp-image-1684\"\/><\/figure>\n<\/figure>\n<\/div>\n\n<p>Die Videoeinladung war auch eine Aufforderung zum Tanzen, und damit auch eine gro\u00dfe Printanzeige, die Besucher und Einwohner von Rimavsk\u00e1 Sobota &#8211; dem neuen Veranstaltungsort des Festivals &#8211; anlockte.<\/p>\n\n<figure class=\"wp-block-image size-large\"><img decoding=\"async\" src=\"https:\/\/www.prognessa.com\/wp-content\/uploads\/2021\/02\/evka_bboard-1024x1024.jpg\" alt=\"\" class=\"wp-image-1689\"\/><\/figure>\n\n<figure class=\"wp-block-embed is-type-video is-provider-youtube wp-block-embed-youtube wp-embed-aspect-16-9 wp-has-aspect-ratio\"><div class=\"wp-block-embed__wrapper\">\n<iframe title=\"Balvalfest 2020 - 20. ro\u010dn\u00edk Medzin\u00e1rodn\u00e9ho Gypsy Festu (promo video)\" width=\"800\" height=\"450\" src=\"https:\/\/www.youtube.com\/embed\/uTH_b7jAQhw?feature=oembed\" frameborder=\"0\" allow=\"accelerometer; autoplay; clipboard-write; encrypted-media; gyroscope; picture-in-picture; web-share\" referrerpolicy=\"strict-origin-when-cross-origin\" allowfullscreen><\/iframe>\n<\/div><\/figure>\n\n<p>Zwei Festivaltage brachten lachende Sonne, aber auch ein abendliches Gewitter. F\u00fcr diejenigen, die nicht in den starken Regen gehen wollten, haben wir wieder eine Reihe von kurzen Live-Beitr\u00e4gen vorbereitet, die von <strong>40 Tausend Menschen<\/strong> gesehen wurden <strong>.<\/strong> Auch die Zuschauer waren sehr aktiv und sorgten w\u00e4hrend des Streamings f\u00fcr fast <strong>2 Tausend Reaktionen, Kommentare und Shares.<\/strong> <\/p>\n\n<figure class=\"wp-block-embed is-type-video is-provider-youtube wp-block-embed-youtube wp-embed-aspect-16-9 wp-has-aspect-ratio\"><div class=\"wp-block-embed__wrapper\">\n<iframe title=\"Balvalfest 2020 - 20. ro\u010dn\u00edk Medzin\u00e1rodn\u00e9ho Gypsy Festu (aftermovie)\" width=\"800\" height=\"450\" src=\"https:\/\/www.youtube.com\/embed\/KE1pwMSsrTA?feature=oembed\" frameborder=\"0\" allow=\"accelerometer; autoplay; clipboard-write; encrypted-media; gyroscope; picture-in-picture; web-share\" referrerpolicy=\"strict-origin-when-cross-origin\" allowfullscreen><\/iframe>\n<\/div><\/figure>\n\n<p>Erw\u00e4hnenswert ist auch die im Vergleich zum Vorjahr gestiegene Zahl der Fans der Facebook-Seite des Festivals. Vom Beginn unserer Zusammenarbeit bis heute ist es uns gelungen, die Zahl der Fans <strong>um 207% zu steigern.<\/strong> Dies ist ein klarer Beweis daf\u00fcr, dass der Begriff Balvalfest in der Region immer beliebter wird, und wir glauben, dass dies auch in den kommenden Jahren der Fall sein wird. <\/p>\n\n<figure class=\"wp-block-image size-large\"><img decoding=\"async\" src=\"https:\/\/www.prognessa.com\/wp-content\/uploads\/2021\/02\/fblikes_graf-1024x439.png\" alt=\"\" class=\"wp-image-1690\"\/><\/figure>\n","protected":false},"excerpt":{"rendered":"<p>Der Veranstalter des Balvalfestes ist die kulturell-bildende B\u00fcrgervereinigung La\u010dho Drom. Er wird von dem bekannten S\u00e4nger und Musiker Vladim\u00edr Sendrei geleitet, der jedes Jahr die Qualit\u00e4t der Veranstaltung mit einem Line-up voller talentierter Roma-K\u00fcnstler und einer tollen Atmosph\u00e4re best\u00e4tigt. Schauen Sie sich an, wie wir eines der gr\u00f6\u00dften Zigeunerfestivals in der Slowakei zwei Jahre hintereinander [&hellip;]<\/p>\n","protected":false},"author":1,"featured_media":9706,"comment_status":"closed","ping_status":"closed","sticky":false,"template":"","format":"standard","meta":{"_acf_changed":false,"inline_featured_image":false,"footnotes":""},"categories":[122],"tags":[],"class_list":["post-9689","post","type-post","status-publish","format-standard","has-post-thumbnail","hentry","category-fallstudie"],"acf":[],"_links":{"self":[{"href":"https:\/\/www.prognessa.com\/de\/wp-json\/wp\/v2\/posts\/9689","targetHints":{"allow":["GET"]}}],"collection":[{"href":"https:\/\/www.prognessa.com\/de\/wp-json\/wp\/v2\/posts"}],"about":[{"href":"https:\/\/www.prognessa.com\/de\/wp-json\/wp\/v2\/types\/post"}],"author":[{"embeddable":true,"href":"https:\/\/www.prognessa.com\/de\/wp-json\/wp\/v2\/users\/1"}],"replies":[{"embeddable":true,"href":"https:\/\/www.prognessa.com\/de\/wp-json\/wp\/v2\/comments?post=9689"}],"version-history":[{"count":1,"href":"https:\/\/www.prognessa.com\/de\/wp-json\/wp\/v2\/posts\/9689\/revisions"}],"predecessor-version":[{"id":9707,"href":"https:\/\/www.prognessa.com\/de\/wp-json\/wp\/v2\/posts\/9689\/revisions\/9707"}],"wp:featuredmedia":[{"embeddable":true,"href":"https:\/\/www.prognessa.com\/de\/wp-json\/wp\/v2\/media\/9706"}],"wp:attachment":[{"href":"https:\/\/www.prognessa.com\/de\/wp-json\/wp\/v2\/media?parent=9689"}],"wp:term":[{"taxonomy":"category","embeddable":true,"href":"https:\/\/www.prognessa.com\/de\/wp-json\/wp\/v2\/categories?post=9689"},{"taxonomy":"post_tag","embeddable":true,"href":"https:\/\/www.prognessa.com\/de\/wp-json\/wp\/v2\/tags?post=9689"}],"curies":[{"name":"wp","href":"https:\/\/api.w.org\/{rel}","templated":true}]}}